{"id":630,"date":"2017-07-22T09:04:46","date_gmt":"2017-07-22T09:04:46","guid":{"rendered":"http:\/\/neu.schuerchkoellreuter.ch\/?p=630"},"modified":"2018-04-24T14:09:01","modified_gmt":"2018-04-24T14:09:01","slug":"regionalplanung-beider-basel","status":"publish","type":"post","link":"http:\/\/www.schuerchkoellreuter.ch\/?p=630","title":{"rendered":"Gemeinsam gestalten: Geschichte der Regionalplanungsstelle beider Basel"},"content":{"rendered":"<p>Aus heutiger Sicht erscheinen die ersten Anst\u00f6sse zu einer Regionalplanung beider Basel w\u00e4hrend des Zweiten Weltkriegs weitblickend und couragiert. Diese ersten Ideen blieben allerdings folgenlos. Erst 1969, mit der Unterzeichnung des Staatsvertrags der beiden Basler Kantone und der Gr\u00fcndung der Regionalplanungsstelle beider Basel, etablierte sich eine verbindliche gemeinsame Regionalplanung, deren Aktionsradius seither weit \u00fcber die Grenzen der beiden Kantone gewirkt hat.<\/p>\n<hr \/>\n<p><img loading=\"lazy\" decoding=\"async\" class=\"alignright size-large wp-image-666\" src=\"http:\/\/www.schuerchkoellreuter.ch\/wp-content\/uploads\/2017\/11\/Regionalplan_bearb07-e1511786743728-1024x628.jpg\" alt=\"\" width=\"900\" height=\"552\" srcset=\"http:\/\/www.schuerchkoellreuter.ch\/wp-content\/uploads\/2017\/11\/Regionalplan_bearb07-e1511786743728-1024x628.jpg 1024w, http:\/\/www.schuerchkoellreuter.ch\/wp-content\/uploads\/2017\/11\/Regionalplan_bearb07-e1511786743728-300x184.jpg 300w, http:\/\/www.schuerchkoellreuter.ch\/wp-content\/uploads\/2017\/11\/Regionalplan_bearb07-e1511786743728-768x471.jpg 768w, http:\/\/www.schuerchkoellreuter.ch\/wp-content\/uploads\/2017\/11\/Regionalplan_bearb07-e1511786743728-1000x613.jpg 1000w, http:\/\/www.schuerchkoellreuter.ch\/wp-content\/uploads\/2017\/11\/Regionalplan_bearb07-e1511786743728-425x261.jpg 425w, http:\/\/www.schuerchkoellreuter.ch\/wp-content\/uploads\/2017\/11\/Regionalplan_bearb07-e1511786743728-650x399.jpg 650w, http:\/\/www.schuerchkoellreuter.ch\/wp-content\/uploads\/2017\/11\/Regionalplan_bearb07-e1511786743728-1300x797.jpg 1300w\" sizes=\"auto, (max-width: 900px) 100vw, 900px\" \/><\/p>\n<hr \/>\n<p>Die Regionalplanungsstelle beider Basel hat sich in ihrer beinahe f\u00fcnfzigj\u00e4hrigen Geschichte als wichtige geographische und inhaltliche Klammer etabliert. Wir zeichnen anhand von Quellenmaterial und Gespr\u00e4chen mit Zeitzeugen die Entwicklung von 1969 bis 2016 nach \u2013 vom viel beachteten Regionalplan Landschaft bis hin zur Gr\u00fcndung des Trinationalen Eurodistricts.<\/p>\n<hr \/>\n<p>Dieter Wronsky, der erste Leiter der Regionalplanungsstelle beider Basel, zur Gr\u00fcndungsphase:<\/p>\n<blockquote>\n<p style=\"text-align: right;\">\u00abIm Prinzip waren wir eine Ideenb\u00f6rse, eine Art Abteilung \u2039Forschung und Entwicklung\u203a f\u00fcr den Kanton. Wir mussten uns Gedanken machen dar\u00fcber, was da abl\u00e4uft: Was ist gewesen, was ist und was wird sein? Und dann mussten wir uns darum k\u00fcmmern, dass das richtig l\u00e4uft.\u00bb<\/p>\n<\/blockquote>\n<p>&nbsp;<\/p>\n<p>Texte: Isabel Koellreuter, Martin Kolb, Patrick Leypoldt<br \/>\nPublikation im Auftrag des <a href=\"https:\/\/www.baselland.ch\/politik-und-behorden\/direktionen\/bau-und-umweltschutzdirektion\/raumplanung\" target=\"_blank\" rel=\"noopener\">Amts f\u00fcr Raumplanung Basel-Landschaft<\/a><br \/>\nGrafik: <a href=\"http:\/\/www.berrelgschwind.ch\" target=\"_blank\" rel=\"noopener\">B\u00fcro Berrel Gschwind<\/a>, Basel<br \/>\nEntstehungszeitraum: Fr\u00fchjahr 2015 bis Fr\u00fchjahr 2017<\/p>\n","protected":false},"excerpt":{"rendered":"<p>Aus heutiger Sicht erscheinen die ersten Anst\u00f6sse zu einer Regionalplanung beider Basel w\u00e4hrend des Zweiten Weltkriegs weitblickend und couragiert. Diese ersten Ideen blieben allerdings folgenlos. Erst 1969, mit der Unterzeichnung des Staatsvertrags der beiden Basler Kantone und der Gr\u00fcndung der Regionalplanungsstelle beider Basel, etablierte sich eine verbindliche gemeinsame Regionalplanung, deren Aktionsradius seither weit \u00fcber die&hellip; <\/p>\n<p><a class=\"more-link\" href=\"http:\/\/www.schuerchkoellreuter.ch\/?p=630\">Read More &rarr;<\/a><\/p>\n","protected":false},"author":1,"featured_media":667,"comment_status":"closed","ping_status":"open","sticky":false,"template":"","format":"standard","meta":{"footnotes":""},"categories":[7],"tags":[],"class_list":["post-630","post","type-post","status-publish","format-standard","has-post-thumbnail","hentry","category-buecher"],"_links":{"self":[{"href":"http:\/\/www.schuerchkoellreuter.ch\/index.php?rest_route=\/wp\/v2\/posts\/630","targetHints":{"allow":["GET"]}}],"collection":[{"href":"http:\/\/www.schuerchkoellreuter.ch\/index.php?rest_route=\/wp\/v2\/posts"}],"about":[{"href":"http:\/\/www.schuerchkoellreuter.ch\/index.php?rest_route=\/wp\/v2\/types\/post"}],"author":[{"embeddable":true,"href":"http:\/\/www.schuerchkoellreuter.ch\/index.php?rest_route=\/wp\/v2\/users\/1"}],"replies":[{"embeddable":true,"href":"http:\/\/www.schuerchkoellreuter.ch\/index.php?rest_route=%2Fwp%2Fv2%2Fcomments&post=630"}],"version-history":[{"count":11,"href":"http:\/\/www.schuerchkoellreuter.ch\/index.php?rest_route=\/wp\/v2\/posts\/630\/revisions"}],"predecessor-version":[{"id":790,"href":"http:\/\/www.schuerchkoellreuter.ch\/index.php?rest_route=\/wp\/v2\/posts\/630\/revisions\/790"}],"wp:featuredmedia":[{"embeddable":true,"href":"http:\/\/www.schuerchkoellreuter.ch\/index.php?rest_route=\/wp\/v2\/media\/667"}],"wp:attachment":[{"href":"http:\/\/www.schuerchkoellreuter.ch\/index.php?rest_route=%2Fwp%2Fv2%2Fmedia&parent=630"}],"wp:term":[{"taxonomy":"category","embeddable":true,"href":"http:\/\/www.schuerchkoellreuter.ch\/index.php?rest_route=%2Fwp%2Fv2%2Fcategories&post=630"},{"taxonomy":"post_tag","embeddable":true,"href":"http:\/\/www.schuerchkoellreuter.ch\/index.php?rest_route=%2Fwp%2Fv2%2Ftags&post=630"}],"curies":[{"name":"wp","href":"https:\/\/api.w.org\/{rel}","templated":true}]}}