{"id":828,"date":"2018-09-27T10:12:11","date_gmt":"2018-09-27T10:12:11","guid":{"rendered":"http:\/\/www.schuerchkoellreuter.ch\/?p=828"},"modified":"2019-08-27T12:26:23","modified_gmt":"2019-08-27T12:26:23","slug":"kulturstadtplan-5-basel-und-die-68er","status":"publish","type":"post","link":"http:\/\/www.schuerchkoellreuter.ch\/?p=828","title":{"rendered":"Kulturstadtplan #5 Basel und die 68&#8217;er"},"content":{"rendered":"\n<p>Die 68er in Basel? \u00abTr\u00e4mmli-Unruhen\u00bb auf dem Barfi und dank dem Bahnhof eine direkte Verbindung nach Paris. War das wirklich so? Wir, aufgewachsen mit dem Soundtrack der Beatles, der Gitarre von Georges Brassens und den bewegten Texten von Wolf Biermann, haben uns auf die Spuren der Generation unserer Eltern gemacht und sind eingetaucht in die Aufbruchsstimmung von 68. Freigelegt haben wir eine Stadt vieler kleiner und gr\u00f6sserer Bewegungen. Im Jahr der Studentenrevolte in Paris und der Globuskrawalle in Z\u00fcrich brodelt es auch in Basel. Die Stadt ist Teil der Welt, mitten im Kalten Krieg: Was in Prag, in Biafra und in Vietnam geschieht, bewegt auch hier. Dabei entsteht viel Neues, eine Basler Variation von 68: Alternative Lebensformen werden ausprobiert, Zeitschriften gegr\u00fcndet, auf den Strassen wird Theater gespielt.&nbsp;<\/p>\n\n\n\n<p>An 17 ausgew\u00e4hlten Orten erz\u00e4hlen wir von einigen dieser Bewegungen, von deren Tr\u00e4gerinnen und Tr\u00e4gern und ihren Ideen. Freilich g\u00e4be es noch viel mehr: Die Bildseite des Plans ist deshalb nicht nur Illustration zum Text. Entstanden ist ein Suchbild mit vielen Anspielungen; eine Collage von Basel, zusammengesetzt aus Stimmungen, Personen, Themen und Musik.<\/p>\n\n\n\n<p>Das Wimmelbild hat einen (beinahe) unsichtbaren Protagonisten, einen Zeitzeugen: 1968 war der angehende Fotograf Claude Giger 16 Jahre alt und mit einer Kamera unterwegs. Seine Bilder hat er mit Zeitungsartikeln und Flugbl\u00e4ttern angereichert in Alben eingeordnet. F\u00fcr den Plan hat er diese Alben ge\u00f6ffnet und grossz\u00fcgig zur Verf\u00fcgung gestellt, die meisten Bilder stammen aus seinem reichen Fundus.&nbsp;<\/p>\n\n\n\n<p>Auch im liberalen Basel treffen die 68er auf Widerst\u00e4nde \u2013 aber auch auf Interesse. Denn Basel ist f\u00fcr die 68er ein guter N\u00e4hrboden, auf dem sich vieles entfalten kann. Heute ist an den ausgew\u00e4hlten 17 Orten nichts mehr zu sehen. Doch vieles hat sich in der einen oder anderen Form weiterentwickelt, ist in Neues \u00fcbergegangen.<\/p>\n\n\n\n<p>68 hat auch in Basel stattgefunden \u2013 so viel ist sicher.<\/p>\n","protected":false},"excerpt":{"rendered":"<p>Die 68er in Basel? \u00abTr\u00e4mmli-Unruhen\u00bb auf dem Barfi und dank dem Bahnhof eine direkte Verbindung nach Paris. War das wirklich so? Wir, aufgewachsen mit dem Soundtrack der Beatles, der Gitarre von Georges Brassens und den bewegten Texten von Wolf Biermann, haben uns auf die Spuren der Generation unserer Eltern gemacht und sind eingetaucht in die&hellip; <\/p>\n<p><a class=\"more-link\" href=\"http:\/\/www.schuerchkoellreuter.ch\/?p=828\">Read More &rarr;<\/a><\/p>\n","protected":false},"author":1,"featured_media":840,"comment_status":"closed","ping_status":"open","sticky":false,"template":"","format":"standard","meta":{"footnotes":""},"categories":[8,4],"tags":[],"class_list":["post-828","post","type-post","status-publish","format-standard","has-post-thumbnail","hentry","category-kulturstadtplan","category-aktuell"],"_links":{"self":[{"href":"http:\/\/www.schuerchkoellreuter.ch\/index.php?rest_route=\/wp\/v2\/posts\/828","targetHints":{"allow":["GET"]}}],"collection":[{"href":"http:\/\/www.schuerchkoellreuter.ch\/index.php?rest_route=\/wp\/v2\/posts"}],"about":[{"href":"http:\/\/www.schuerchkoellreuter.ch\/index.php?rest_route=\/wp\/v2\/types\/post"}],"author":[{"embeddable":true,"href":"http:\/\/www.schuerchkoellreuter.ch\/index.php?rest_route=\/wp\/v2\/users\/1"}],"replies":[{"embeddable":true,"href":"http:\/\/www.schuerchkoellreuter.ch\/index.php?rest_route=%2Fwp%2Fv2%2Fcomments&post=828"}],"version-history":[{"count":1,"href":"http:\/\/www.schuerchkoellreuter.ch\/index.php?rest_route=\/wp\/v2\/posts\/828\/revisions"}],"predecessor-version":[{"id":829,"href":"http:\/\/www.schuerchkoellreuter.ch\/index.php?rest_route=\/wp\/v2\/posts\/828\/revisions\/829"}],"wp:featuredmedia":[{"embeddable":true,"href":"http:\/\/www.schuerchkoellreuter.ch\/index.php?rest_route=\/wp\/v2\/media\/840"}],"wp:attachment":[{"href":"http:\/\/www.schuerchkoellreuter.ch\/index.php?rest_route=%2Fwp%2Fv2%2Fmedia&parent=828"}],"wp:term":[{"taxonomy":"category","embeddable":true,"href":"http:\/\/www.schuerchkoellreuter.ch\/index.php?rest_route=%2Fwp%2Fv2%2Fcategories&post=828"},{"taxonomy":"post_tag","embeddable":true,"href":"http:\/\/www.schuerchkoellreuter.ch\/index.php?rest_route=%2Fwp%2Fv2%2Ftags&post=828"}],"curies":[{"name":"wp","href":"https:\/\/api.w.org\/{rel}","templated":true}]}}